{"id":2062,"date":"2024-01-28T15:35:41","date_gmt":"2024-01-28T15:35:41","guid":{"rendered":"https:\/\/www.tahirmeral.com.tr\/?p=2062"},"modified":"2024-01-28T15:47:46","modified_gmt":"2024-01-28T15:47:46","slug":"calisanlarimiz-bizi-anlatiyor","status":"publish","type":"post","link":"https:\/\/www.tahirmeral.com.tr\/?p=2062","title":{"rendered":"Birecik Plaza projemiz h\u0131zla y\u00fckseliyor"},"content":{"rendered":"\t\t<div data-elementor-type=\"wp-post\" data-elementor-id=\"2062\" class=\"elementor elementor-2062\" data-elementor-settings=\"[]\">\n\t\t\t\t\t\t\t<div class=\"elementor-section-wrap\">\n\t\t\t\t\t\t\t<section class=\"elementor-section elementor-top-section elementor-element elementor-element-7b9ca2d9 elementor-section-boxed elementor-section-height-default elementor-section-height-default\" data-id=\"7b9ca2d9\" data-element_type=\"section\">\r\n\t\t\t\r\n\t\t\t\t\t\t\t\t\t<div class=\"elementor-container elementor-column-gap-default\">\r\n\t\t\t\t\t\t\t\t\t\t\t<div class=\"elementor-column elementor-col-100 elementor-top-column elementor-element elementor-element-46147840\" data-id=\"46147840\" data-element_type=\"column\">\n\t\t\t<div class=\"elementor-widget-wrap elementor-element-populated\">\n\t\t\t\t\t\t\t\t<div class=\"elementor-element elementor-element-506ad124 elementor-widget elementor-widget-text-editor\" data-id=\"506ad124\" data-element_type=\"widget\" data-widget_type=\"text-editor.default\">\n\t\t\t\t<div class=\"elementor-widget-container\">\n\t\t\t\t\t\t\t\t<p>Birecik Plaza projemiz h\u0131zla y\u00fckseliyor. Ad\u0131m ad\u0131m finale yakla\u015f\u0131yor.<\/p><p>F\u0131rat\u2019\u0131n nazl\u0131 gelini \u015eanl\u0131urfa Birecik\u2019te daire ve i\u015fyerlerinden olu\u015fan karma bir ya\u015fam projesi olacak \u015fekilde planlad\u0131\u011f\u0131m\u0131z Birecik Plaza Tahir Meral kalitesi ile hayata ge\u00e7iyor. Projede 2+1, 3+1 sat\u0131l\u0131k l\u00fcks daire se\u00e7enekleri ve farkl\u0131 \u00f6l\u00e7\u00fclerdeki cadde ma\u011fazalar ya\u015fam, yat\u0131r\u0131m ve ticaret i\u00e7in muhte\u015fem f\u0131rsatlar sunuyor.<\/p><p>Birecik Plaza konumu, mimari projesi ile Birecik\u2019in ticaretinin ve ya\u015fam\u0131n merkezi olmay\u0131 ama\u00e7l\u0131yor.<\/p><p>Her zaman dedi\u011fimiz gibi, biri mutlaka size g\u00f6re&#8230;<\/p>\t\t\t\t\t\t<\/div>\n\t\t\t\t<\/div>\n\t\t\t\t<div class=\"elementor-element elementor-element-02317e6 elementor-aspect-ratio-169 elementor-widget elementor-widget-video\" data-id=\"02317e6\" data-element_type=\"widget\" data-settings=\"{&quot;youtube_url&quot;:&quot;https:\\\/\\\/www.youtube.com\\\/watch?v=Alf5w5YWF1o&quot;,&quot;video_type&quot;:&quot;youtube&quot;,&quot;controls&quot;:&quot;yes&quot;,&quot;aspect_ratio&quot;:&quot;169&quot;}\" data-widget_type=\"video.default\">\n\t\t\t\t<div class=\"elementor-widget-container\">\n\t\t\t\t\t<div class=\"elementor-wrapper elementor-fit-aspect-ratio elementor-open-inline\">\n\t\t\t<div class=\"elementor-video\"><\/div>\t\t<\/div>\n\t\t\t\t<\/div>\n\t\t\t\t<\/div>\n\t\t\t\t\t<\/div>\n\t\t<\/div>\n\t\t\t\t\t\t<\/div>\r\n\t\t\t\t<\/section>\r\n\t\t\t\t<section class=\"elementor-section elementor-top-section elementor-element elementor-element-78e3e0b elementor-section-boxed elementor-section-height-default elementor-section-height-default\" data-id=\"78e3e0b\" data-element_type=\"section\">\r\n\t\t\t\r\n\t\t\t\t\t\t\t\t\t<div class=\"elementor-container elementor-column-gap-default\">\r\n\t\t\t\t\t\t\t\t\t\t\t<div class=\"elementor-column elementor-col-100 elementor-top-column elementor-element elementor-element-4e717e2\" data-id=\"4e717e2\" data-element_type=\"column\">\n\t\t\t<div class=\"elementor-widget-wrap\">\n\t\t\t\t\t\t\t\t\t<\/div>\n\t\t<\/div>\n\t\t\t\t\t\t<\/div>\r\n\t\t\t\t<\/section>\r\n\t\t\t\t\t\t<\/div>\n\t\t\t\t\t<\/div>\n\t\t","protected":false},"excerpt":{"rendered":"<p>Birecik Plaza projemiz h\u0131zla y\u00fckseliyor. Ad\u0131m ad\u0131m finale yakla\u015f\u0131yor. F\u0131rat\u2019\u0131n nazl\u0131 gelini \u015eanl\u0131urfa Birecik\u2019te daire ve i\u015fyerlerinden olu\u015fan karma bir ya\u015fam projesi olacak \u015fekilde planlad\u0131\u011f\u0131m\u0131z Birecik Plaza Tahir Meral kalitesi ile hayata ge\u00e7iyor. Projede 2+1, 3+1 sat\u0131l\u0131k l\u00fcks daire se\u00e7enekleri ve farkl\u0131 \u00f6l\u00e7\u00fclerdeki cadde ma\u011fazalar ya\u015fam, yat\u0131r\u0131m ve ticaret i\u00e7in muhte\u015fem f\u0131rsatlar sunuyor. Birecik Plaza [&hellip;]<\/p>\n","protected":false},"author":2,"featured_media":2067,"comment_status":"closed","ping_status":"closed","sticky":false,"template":"","format":"standard","meta":{"ngg_post_thumbnail":0},"categories":[1],"tags":[],"featured_image_src":{"landsacpe":["https:\/\/www.tahirmeral.com.tr\/wp-content\/uploads\/2024\/01\/Birecik-Plaza-Tahir-Meral-Satilik-Daire-1140x445.jpeg",1140,445,true],"list":["https:\/\/www.tahirmeral.com.tr\/wp-content\/uploads\/2024\/01\/Birecik-Plaza-Tahir-Meral-Satilik-Daire-463x348.jpeg",463,348,true],"medium":["https:\/\/www.tahirmeral.com.tr\/wp-content\/uploads\/2024\/01\/Birecik-Plaza-Tahir-Meral-Satilik-Daire-300x139.jpeg",300,139,true],"full":["https:\/\/www.tahirmeral.com.tr\/wp-content\/uploads\/2024\/01\/Birecik-Plaza-Tahir-Meral-Satilik-Daire.jpeg",1600,739,false]},"_links":{"self":[{"href":"https:\/\/www.tahirmeral.com.tr\/index.php?rest_route=\/wp\/v2\/posts\/2062"}],"collection":[{"href":"https:\/\/www.tahirmeral.com.tr\/index.php?rest_route=\/wp\/v2\/posts"}],"about":[{"href":"https:\/\/www.tahirmeral.com.tr\/index.php?rest_route=\/wp\/v2\/types\/post"}],"author":[{"embeddable":true,"href":"https:\/\/www.tahirmeral.com.tr\/index.php?rest_route=\/wp\/v2\/users\/2"}],"replies":[{"embeddable":true,"href":"https:\/\/www.tahirmeral.com.tr\/index.php?rest_route=%2Fwp%2Fv2%2Fcomments&post=2062"}],"version-history":[{"count":17,"href":"https:\/\/www.tahirmeral.com.tr\/index.php?rest_route=\/wp\/v2\/posts\/2062\/revisions"}],"predecessor-version":[{"id":2081,"href":"https:\/\/www.tahirmeral.com.tr\/index.php?rest_route=\/wp\/v2\/posts\/2062\/revisions\/2081"}],"wp:featuredmedia":[{"embeddable":true,"href":"https:\/\/www.tahirmeral.com.tr\/index.php?rest_route=\/wp\/v2\/media\/2067"}],"wp:attachment":[{"href":"https:\/\/www.tahirmeral.com.tr\/index.php?rest_route=%2Fwp%2Fv2%2Fmedia&parent=2062"}],"wp:term":[{"taxonomy":"category","embeddable":true,"href":"https:\/\/www.tahirmeral.com.tr\/index.php?rest_route=%2Fwp%2Fv2%2Fcategories&post=2062"},{"taxonomy":"post_tag","embeddable":true,"href":"https:\/\/www.tahirmeral.com.tr\/index.php?rest_route=%2Fwp%2Fv2%2Ftags&post=2062"}],"curies":[{"name":"wp","href":"https:\/\/api.w.org\/{rel}","templated":true}]}}